{"id":4205,"date":"2024-06-21T14:28:08","date_gmt":"2024-06-21T12:28:08","guid":{"rendered":"https:\/\/ambizzion.dk\/?p=4205"},"modified":"2024-12-20T11:42:13","modified_gmt":"2024-12-20T10:42:13","slug":"assens-forsyning-projektleder-inden-for-miljoe-klima-og-spildevand","status":"publish","type":"post","link":"https:\/\/ambizzion.dk\/en\/assens-forsyning-projektleder-inden-for-miljoe-klima-og-spildevand\/","title":{"rendered":"Assens Forsyning &#8211; Projektleder inden for milj\u00f8, klima og spildevand"},"content":{"rendered":"\n<p><strong>Assens Forsyning A\/S \u00f8nsker at v\u00e6re i front med den gr\u00f8nne omstilling, og levere b\u00e6redygtige l\u00f8sninger til borgerne i Assens Kommune indenfor omr\u00e5derne drikkevand, h\u00e5ndtering af regn &#8211; og spildevand samt affald- og genbrug. &nbsp;&nbsp;<\/strong><\/p>\n\n\n\n<p>Som Projektleder kan du v\u00e6re med til at skabe fremtidens l\u00f8sninger indenfor forsyningsomr\u00e5det. Har du lyst til at arbejde med bl.a. separatkloakering, byggemodninger og klimatilpasning ? \u00d8nsker du at v\u00e6re en del af et moderne forsyningsselskab, der i de kommende \u00e5r skal udvikle betydningsfuld ny forsyningsinfrastruktur? S\u00e5 er du m\u00e5ske den Projektleder, som AMBIZZION s\u00f8ger for vores kunde Assens Forsyning.<\/p>\n\n\n\n<p>Med baggrund i virksomhedens strategi s\u00f8ger vi en ny kollega til Team Projekt, der best\u00e5r af 10 medarbejdere. Der er i alt 60 engagerede medarbejdere i Assens Forsyning.<\/p>\n\n\n\n<h2 class=\"wp-block-heading\">Stillingen:<\/h2>\n\n\n\n<p>Med reference til Projektchefen vil du arbejde med milj\u00f8, klima og spildevand og samarbejde t\u00e6t med kolleger og eksterne interessenter. Du vil deltage aktivt i de forskellige faser af anl\u00e6gs- og renoveringsprojekter og vil opleve en varieret hverdag med prim\u00e6rt fokus p\u00e5 projektledelse fra start til slut.<\/p>\n\n\n\n<p>Assens Forsyning er i fuld gang med at centralisere spildevandsrensningen i Assens, hvor der i 2023 er opf\u00f8rt og ibrugtaget et helt nyt og moderne renseanl\u00e6g som p\u00e5 sigt skal modtage spildevandet fra alle byer i kommunen. De eksisterende renseanl\u00e6g nedl\u00e6gges efterh\u00e5nden som de sidste byer separatkloakeres.<\/p>\n\n\n\n<p>Der er s\u00e5ledes i de kommende \u00e5r fokus p\u00e5 separatkloakering og etablering af afsk\u00e6rende ledninger til det centrale renseanl\u00e6g i Assens. Herudover l\u00f8ser Team Projekt en r\u00e6kke andre opgaver s\u00e5 som byggemodninger, kloakrenovering, samt klimatilpasning gennem bl.a. etablering af regnvandsbassiner. Du vil prim\u00e6rt f\u00e5 mulighed for at arbejde hands-on med separatkloakering, byggemodninger, kloakrenoveringer og etablering af regnvandsbassiner.\u00a0\u00a0\u00a0\u00a0\u00a0\u00a0\u00a0<\/p>\n\n\n\n<p>Dine opgaver vil omfatte projektering, udarbejdelse af udbudsmateriale, tilsyn og byggeledelse samt \u00f8konomistyring i forbindelse med anl\u00e6gsopgaver. Projekterne udarbejdes oftest i t\u00e6t samarbejde med r\u00e5dgivere, men du vil f\u00f8lge dem t\u00e6t, og har ogs\u00e5 mulighed for at h\u00e5ndtere projekterne selvst\u00e6ndigt, ligesom at du kan spare med 10 dygtige kollegaer i Team Projekt.<\/p>\n\n\n\n<h2 class=\"wp-block-heading\">Om dig:<\/h2>\n\n\n\n<ul class=\"wp-block-list\">\n<li>Antageligvis uddannet ingeni\u00f8r med solid viden indenfor milj\u00f8, regnvand og spildevand.<\/li>\n\n\n\n<li>Erfaring med gennemf\u00f8relse af anl\u00e6gs- og renoveringsprojekter.<\/li>\n\n\n\n<li>Fagteknisk st\u00e6rk, gerne med baggrund i forsyningsverdenen eller en r\u00e5dgivende virksomhed.<\/li>\n\n\n\n<li>Flair for IT og interesse i at udvikle og optimere eksisterende v\u00e6rkt\u00f8jer og processer.<\/li>\n\n\n\n<li>Sans for detaljen og evne til at levere kvalitet i alle aspekter af projektet og samarbejdet.<\/li>\n\n\n\n<li>Godt drive, nysgerrig og motiverende energi.<\/li>\n\n\n\n<li>God kommunikator, im\u00f8dekommende og skaber positiv dialog og fremdrift.<\/li>\n\n\n\n<li>Selvst\u00e6ndig, men ogs\u00e5 teamplayer i et \u00e5bent og uformelt milj\u00f8.<\/li>\n\n\n\n<li>Motiveres af udfordringer og en omskiftelig hverdag med mange bolde i luften.<\/li>\n\n\n\n<li>Deler ideer og kompetencer med kollegaer og bidrager til et godt arbejdsmilj\u00f8.<\/li>\n<\/ul>\n\n\n\n<h2 class=\"wp-block-heading\">Du tilbydes:<\/h2>\n\n\n\n<ul class=\"wp-block-list\">\n<li>En varieret og udfordrende stilling i et uh\u00f8jtideligt og uformelt milj\u00f8 med fokus p\u00e5 trivsel og f\u00e6lles m\u00e5ls\u00e6tninger.<\/li>\n\n\n\n<li>Stor indflydelse p\u00e5 din hverdag og arbejdsopgaver, frihed under ansvar og mulighed for faglig og personlig udvikling.<\/li>\n\n\n\n<li>En del af et st\u00e6rkt team, der st\u00e5r overfor sp\u00e6ndende opgaver\/projekter under en ambiti\u00f8s strategi, hvor der er afsat omkring en milliard kroner til ny forsyningsinfrastruktur over de n\u00e6ste ti \u00e5r.<\/li>\n\n\n\n<li>L\u00f8n og ans\u00e6ttelsesvilk\u00e5r efter offentlig overenskomst med fleksibilitet og frihed i arbejdsformen.<\/li>\n\n\n\n<li>Fleksibel arbejdsplads med fri telefon, netadgang og b\u00e6rbar computer.<\/li>\n\n\n\n<li>Virksomheden er beliggende i nye, moderne rammer i udkanten af Assens by, med fornuftig k\u00f8reafstand fra f.eks. Odense eller Trekantomr\u00e5det.<\/li>\n<\/ul>\n\n\n\n<h2 class=\"wp-block-heading\">Om Assens Forsyning A\/S:<\/h2>\n\n\n\n<p>Assens Forsyning A\/S er ansvarlig for drift, service og udvikling af b\u00e6redygtige l\u00f8sninger til borgerne i Assens Kommune indenfor omr\u00e5derne drikkevand, h\u00e5ndtering af regn- og spildevand samt affald- og genbrug. &nbsp;<\/p>\n\n\n\n<p>Du kan l\u00e6se mere om Assens Forsyning A\/S p\u00e5 <a href=\"http:\/\/www.assensforsyning.dk\">www.assensforsyning.dk<\/a>.<\/p>\n\n\n\n<h2 class=\"wp-block-heading\">N\u00e6ste step:<\/h2>\n\n\n\n<p>Har du sp\u00f8rgsm\u00e5l til stillingen, er du velkommen til at kontakte Lars B\u00f8gelund p\u00e5 mobil: 6037 5723 eller e-mail: lb@ambizzion.dk, eller Peder Vester Henriksen p\u00e5 mobil: 5329 6929 hos AMBIZZION, som varetager rekrutteringsprocessen for Assens Forsyning A\/S. Send ans\u00f8gning og CV via nedenst\u00e5ende \u201ds\u00f8g stillingen\u201d. Henvendelser behandles l\u00f8bende, s\u00e5 ans\u00f8g hurtigst muligt.<\/p>\n","protected":false},"excerpt":{"rendered":"<p>Som Projektleder kan du v\u00e6re med til at skabe fremtidens l\u00f8sninger indenfor forsyningsomr\u00e5det? Kan du arbejde hands-on med projektering, separatkloakering, bygge&#8230;<\/p>\n","protected":false},"author":4,"featured_media":4206,"comment_status":"open","ping_status":"open","sticky":false,"template":"","format":"standard","meta":{"_acf_changed":false,"footnotes":""},"categories":[2],"tags":[],"class_list":["post-4205","post","type-post","status-publish","format-standard","has-post-thumbnail","hentry","category-stillinger"],"acf":[],"yoast_head":"<!-- This site is optimized with the Yoast SEO plugin v27.2 - https:\/\/yoast.com\/product\/yoast-seo-wordpress\/ -->\n<title>Assens Forsyning - Projektleder inden for milj\u00f8, klima og spildevand | AMBIZZION<\/title>\n<meta name=\"robots\" content=\"index, follow, max-snippet:-1, max-image-preview:large, max-video-preview:-1\" \/>\n<link rel=\"canonical\" href=\"https:\/\/ambizzion.dk\/en\/assens-forsyning-projektleder-inden-for-miljoe-klima-og-spildevand\/\" \/>\n<meta property=\"og:locale\" content=\"en_US\" \/>\n<meta property=\"og:type\" content=\"article\" \/>\n<meta property=\"og:title\" content=\"Assens Forsyning - Projektleder inden for milj\u00f8, klima og spildevand | AMBIZZION\" \/>\n<meta property=\"og:description\" content=\"Som Projektleder kan du v\u00e6re med til at skabe fremtidens l\u00f8sninger indenfor forsyningsomr\u00e5det? Kan du arbejde hands-on med projektering, separatkloakering, bygge...\" \/>\n<meta property=\"og:url\" content=\"https:\/\/ambizzion.dk\/en\/assens-forsyning-projektleder-inden-for-miljoe-klima-og-spildevand\/\" \/>\n<meta property=\"og:site_name\" content=\"AMBIZZION\" \/>\n<meta property=\"article:published_time\" content=\"2024-06-21T12:28:08+00:00\" \/>\n<meta property=\"article:modified_time\" content=\"2024-12-20T10:42:13+00:00\" \/>\n<meta property=\"og:image\" content=\"https:\/\/ambizzion.dk\/wp-content\/uploads\/2024\/06\/Assens-forsyning.jpg\" \/>\n\t<meta property=\"og:image:width\" content=\"1472\" \/>\n\t<meta property=\"og:image:height\" content=\"699\" \/>\n\t<meta property=\"og:image:type\" content=\"image\/jpeg\" \/>\n<meta name=\"author\" content=\"Peder Vester Henriksen\" \/>\n<meta name=\"twitter:card\" content=\"summary_large_image\" \/>\n<meta name=\"twitter:label1\" content=\"Written by\" \/>\n\t<meta name=\"twitter:data1\" content=\"Peder Vester Henriksen\" \/>\n\t<meta name=\"twitter:label2\" content=\"Est. reading time\" \/>\n\t<meta name=\"twitter:data2\" content=\"4 minutes\" \/>\n<script type=\"application\/ld+json\" class=\"yoast-schema-graph\">{\"@context\":\"https:\/\/schema.org\",\"@graph\":[{\"@type\":\"Article\",\"@id\":\"https:\/\/ambizzion.dk\/en\/assens-forsyning-projektleder-inden-for-miljoe-klima-og-spildevand\/#article\",\"isPartOf\":{\"@id\":\"https:\/\/ambizzion.dk\/en\/assens-forsyning-projektleder-inden-for-miljoe-klima-og-spildevand\/\"},\"author\":{\"name\":\"Peder Vester Henriksen\",\"@id\":\"https:\/\/ambizzion.dk\/en\/#\/schema\/person\/991de419ebe6cd0fe71e31451b641e63\"},\"headline\":\"Assens Forsyning &#8211; Projektleder inden for milj\u00f8, klima og spildevand\",\"datePublished\":\"2024-06-21T12:28:08+00:00\",\"dateModified\":\"2024-12-20T10:42:13+00:00\",\"mainEntityOfPage\":{\"@id\":\"https:\/\/ambizzion.dk\/en\/assens-forsyning-projektleder-inden-for-miljoe-klima-og-spildevand\/\"},\"wordCount\":733,\"commentCount\":0,\"publisher\":{\"@id\":\"https:\/\/ambizzion.dk\/en\/#organization\"},\"image\":{\"@id\":\"https:\/\/ambizzion.dk\/en\/assens-forsyning-projektleder-inden-for-miljoe-klima-og-spildevand\/#primaryimage\"},\"thumbnailUrl\":\"https:\/\/ambizzion.dk\/wp-content\/uploads\/2024\/06\/Assens-forsyning.jpg\",\"articleSection\":[\"Stillinger\"],\"inLanguage\":\"en-US\",\"potentialAction\":[{\"@type\":\"CommentAction\",\"name\":\"Comment\",\"target\":[\"https:\/\/ambizzion.dk\/en\/assens-forsyning-projektleder-inden-for-miljoe-klima-og-spildevand\/#respond\"]}]},{\"@type\":\"WebPage\",\"@id\":\"https:\/\/ambizzion.dk\/en\/assens-forsyning-projektleder-inden-for-miljoe-klima-og-spildevand\/\",\"url\":\"https:\/\/ambizzion.dk\/en\/assens-forsyning-projektleder-inden-for-miljoe-klima-og-spildevand\/\",\"name\":\"Assens Forsyning - Projektleder inden for milj\u00f8, klima og spildevand | AMBIZZION\",\"isPartOf\":{\"@id\":\"https:\/\/ambizzion.dk\/en\/#website\"},\"primaryImageOfPage\":{\"@id\":\"https:\/\/ambizzion.dk\/en\/assens-forsyning-projektleder-inden-for-miljoe-klima-og-spildevand\/#primaryimage\"},\"image\":{\"@id\":\"https:\/\/ambizzion.dk\/en\/assens-forsyning-projektleder-inden-for-miljoe-klima-og-spildevand\/#primaryimage\"},\"thumbnailUrl\":\"https:\/\/ambizzion.dk\/wp-content\/uploads\/2024\/06\/Assens-forsyning.jpg\",\"datePublished\":\"2024-06-21T12:28:08+00:00\",\"dateModified\":\"2024-12-20T10:42:13+00:00\",\"breadcrumb\":{\"@id\":\"https:\/\/ambizzion.dk\/en\/assens-forsyning-projektleder-inden-for-miljoe-klima-og-spildevand\/#breadcrumb\"},\"inLanguage\":\"en-US\",\"potentialAction\":[{\"@type\":\"ReadAction\",\"target\":[\"https:\/\/ambizzion.dk\/en\/assens-forsyning-projektleder-inden-for-miljoe-klima-og-spildevand\/\"]}]},{\"@type\":\"ImageObject\",\"inLanguage\":\"en-US\",\"@id\":\"https:\/\/ambizzion.dk\/en\/assens-forsyning-projektleder-inden-for-miljoe-klima-og-spildevand\/#primaryimage\",\"url\":\"https:\/\/ambizzion.dk\/wp-content\/uploads\/2024\/06\/Assens-forsyning.jpg\",\"contentUrl\":\"https:\/\/ambizzion.dk\/wp-content\/uploads\/2024\/06\/Assens-forsyning.jpg\",\"width\":1472,\"height\":699},{\"@type\":\"BreadcrumbList\",\"@id\":\"https:\/\/ambizzion.dk\/en\/assens-forsyning-projektleder-inden-for-miljoe-klima-og-spildevand\/#breadcrumb\",\"itemListElement\":[{\"@type\":\"ListItem\",\"position\":1,\"name\":\"Hjem\",\"item\":\"https:\/\/ambizzion.dk\/en\/home\/\"},{\"@type\":\"ListItem\",\"position\":2,\"name\":\"Assens Forsyning &#8211; Projektleder inden for milj\u00f8, klima og spildevand\"}]},{\"@type\":\"WebSite\",\"@id\":\"https:\/\/ambizzion.dk\/en\/#website\",\"url\":\"https:\/\/ambizzion.dk\/en\/\",\"name\":\"AMBIZZION\",\"description\":\"Rekruttering\",\"publisher\":{\"@id\":\"https:\/\/ambizzion.dk\/en\/#organization\"},\"potentialAction\":[{\"@type\":\"SearchAction\",\"target\":{\"@type\":\"EntryPoint\",\"urlTemplate\":\"https:\/\/ambizzion.dk\/en\/?s={search_term_string}\"},\"query-input\":{\"@type\":\"PropertyValueSpecification\",\"valueRequired\":true,\"valueName\":\"search_term_string\"}}],\"inLanguage\":\"en-US\"},{\"@type\":\"Organization\",\"@id\":\"https:\/\/ambizzion.dk\/en\/#organization\",\"name\":\"AMBIZZION\",\"url\":\"https:\/\/ambizzion.dk\/en\/\",\"logo\":{\"@type\":\"ImageObject\",\"inLanguage\":\"en-US\",\"@id\":\"https:\/\/ambizzion.dk\/en\/#\/schema\/logo\/image\/\",\"url\":\"https:\/\/ambizzion.dk\/wp-content\/uploads\/2022\/01\/Ambizzion-Rekruttering-med-vaerdi-logo-big.png\",\"contentUrl\":\"https:\/\/ambizzion.dk\/wp-content\/uploads\/2022\/01\/Ambizzion-Rekruttering-med-vaerdi-logo-big.png\",\"width\":500,\"height\":164,\"caption\":\"AMBIZZION\"},\"image\":{\"@id\":\"https:\/\/ambizzion.dk\/en\/#\/schema\/logo\/image\/\"}},{\"@type\":\"Person\",\"@id\":\"https:\/\/ambizzion.dk\/en\/#\/schema\/person\/991de419ebe6cd0fe71e31451b641e63\",\"name\":\"Peder Vester Henriksen\",\"image\":{\"@type\":\"ImageObject\",\"inLanguage\":\"en-US\",\"@id\":\"https:\/\/secure.gravatar.com\/avatar\/caef0da45cc404c072068020eb4241b4c54916ec5e62c85b3956891e624fcc0e?s=96&d=mm&r=g\",\"url\":\"https:\/\/secure.gravatar.com\/avatar\/caef0da45cc404c072068020eb4241b4c54916ec5e62c85b3956891e624fcc0e?s=96&d=mm&r=g\",\"contentUrl\":\"https:\/\/secure.gravatar.com\/avatar\/caef0da45cc404c072068020eb4241b4c54916ec5e62c85b3956891e624fcc0e?s=96&d=mm&r=g\",\"caption\":\"Peder Vester Henriksen\"},\"sameAs\":[\"http:\/\/Ambizzion.dk\"]}]}<\/script>\n<!-- \/ Yoast SEO plugin. -->","yoast_head_json":{"title":"Assens Forsyning - Projektleder inden for milj\u00f8, klima og spildevand | AMBIZZION","robots":{"index":"index","follow":"follow","max-snippet":"max-snippet:-1","max-image-preview":"max-image-preview:large","max-video-preview":"max-video-preview:-1"},"canonical":"https:\/\/ambizzion.dk\/en\/assens-forsyning-projektleder-inden-for-miljoe-klima-og-spildevand\/","og_locale":"en_US","og_type":"article","og_title":"Assens Forsyning - Projektleder inden for milj\u00f8, klima og spildevand | AMBIZZION","og_description":"Som Projektleder kan du v\u00e6re med til at skabe fremtidens l\u00f8sninger indenfor forsyningsomr\u00e5det? Kan du arbejde hands-on med projektering, separatkloakering, bygge...","og_url":"https:\/\/ambizzion.dk\/en\/assens-forsyning-projektleder-inden-for-miljoe-klima-og-spildevand\/","og_site_name":"AMBIZZION","article_published_time":"2024-06-21T12:28:08+00:00","article_modified_time":"2024-12-20T10:42:13+00:00","og_image":[{"width":1472,"height":699,"url":"https:\/\/ambizzion.dk\/wp-content\/uploads\/2024\/06\/Assens-forsyning.jpg","type":"image\/jpeg"}],"author":"Peder Vester Henriksen","twitter_card":"summary_large_image","twitter_misc":{"Written by":"Peder Vester Henriksen","Est. reading time":"4 minutes"},"schema":{"@context":"https:\/\/schema.org","@graph":[{"@type":"Article","@id":"https:\/\/ambizzion.dk\/en\/assens-forsyning-projektleder-inden-for-miljoe-klima-og-spildevand\/#article","isPartOf":{"@id":"https:\/\/ambizzion.dk\/en\/assens-forsyning-projektleder-inden-for-miljoe-klima-og-spildevand\/"},"author":{"name":"Peder Vester Henriksen","@id":"https:\/\/ambizzion.dk\/en\/#\/schema\/person\/991de419ebe6cd0fe71e31451b641e63"},"headline":"Assens Forsyning &#8211; Projektleder inden for milj\u00f8, klima og spildevand","datePublished":"2024-06-21T12:28:08+00:00","dateModified":"2024-12-20T10:42:13+00:00","mainEntityOfPage":{"@id":"https:\/\/ambizzion.dk\/en\/assens-forsyning-projektleder-inden-for-miljoe-klima-og-spildevand\/"},"wordCount":733,"commentCount":0,"publisher":{"@id":"https:\/\/ambizzion.dk\/en\/#organization"},"image":{"@id":"https:\/\/ambizzion.dk\/en\/assens-forsyning-projektleder-inden-for-miljoe-klima-og-spildevand\/#primaryimage"},"thumbnailUrl":"https:\/\/ambizzion.dk\/wp-content\/uploads\/2024\/06\/Assens-forsyning.jpg","articleSection":["Stillinger"],"inLanguage":"en-US","potentialAction":[{"@type":"CommentAction","name":"Comment","target":["https:\/\/ambizzion.dk\/en\/assens-forsyning-projektleder-inden-for-miljoe-klima-og-spildevand\/#respond"]}]},{"@type":"WebPage","@id":"https:\/\/ambizzion.dk\/en\/assens-forsyning-projektleder-inden-for-miljoe-klima-og-spildevand\/","url":"https:\/\/ambizzion.dk\/en\/assens-forsyning-projektleder-inden-for-miljoe-klima-og-spildevand\/","name":"Assens Forsyning - Projektleder inden for milj\u00f8, klima og spildevand | AMBIZZION","isPartOf":{"@id":"https:\/\/ambizzion.dk\/en\/#website"},"primaryImageOfPage":{"@id":"https:\/\/ambizzion.dk\/en\/assens-forsyning-projektleder-inden-for-miljoe-klima-og-spildevand\/#primaryimage"},"image":{"@id":"https:\/\/ambizzion.dk\/en\/assens-forsyning-projektleder-inden-for-miljoe-klima-og-spildevand\/#primaryimage"},"thumbnailUrl":"https:\/\/ambizzion.dk\/wp-content\/uploads\/2024\/06\/Assens-forsyning.jpg","datePublished":"2024-06-21T12:28:08+00:00","dateModified":"2024-12-20T10:42:13+00:00","breadcrumb":{"@id":"https:\/\/ambizzion.dk\/en\/assens-forsyning-projektleder-inden-for-miljoe-klima-og-spildevand\/#breadcrumb"},"inLanguage":"en-US","potentialAction":[{"@type":"ReadAction","target":["https:\/\/ambizzion.dk\/en\/assens-forsyning-projektleder-inden-for-miljoe-klima-og-spildevand\/"]}]},{"@type":"ImageObject","inLanguage":"en-US","@id":"https:\/\/ambizzion.dk\/en\/assens-forsyning-projektleder-inden-for-miljoe-klima-og-spildevand\/#primaryimage","url":"https:\/\/ambizzion.dk\/wp-content\/uploads\/2024\/06\/Assens-forsyning.jpg","contentUrl":"https:\/\/ambizzion.dk\/wp-content\/uploads\/2024\/06\/Assens-forsyning.jpg","width":1472,"height":699},{"@type":"BreadcrumbList","@id":"https:\/\/ambizzion.dk\/en\/assens-forsyning-projektleder-inden-for-miljoe-klima-og-spildevand\/#breadcrumb","itemListElement":[{"@type":"ListItem","position":1,"name":"Hjem","item":"https:\/\/ambizzion.dk\/en\/home\/"},{"@type":"ListItem","position":2,"name":"Assens Forsyning &#8211; Projektleder inden for milj\u00f8, klima og spildevand"}]},{"@type":"WebSite","@id":"https:\/\/ambizzion.dk\/en\/#website","url":"https:\/\/ambizzion.dk\/en\/","name":"AMBIZZION","description":"Rekruttering","publisher":{"@id":"https:\/\/ambizzion.dk\/en\/#organization"},"potentialAction":[{"@type":"SearchAction","target":{"@type":"EntryPoint","urlTemplate":"https:\/\/ambizzion.dk\/en\/?s={search_term_string}"},"query-input":{"@type":"PropertyValueSpecification","valueRequired":true,"valueName":"search_term_string"}}],"inLanguage":"en-US"},{"@type":"Organization","@id":"https:\/\/ambizzion.dk\/en\/#organization","name":"AMBIZZION","url":"https:\/\/ambizzion.dk\/en\/","logo":{"@type":"ImageObject","inLanguage":"en-US","@id":"https:\/\/ambizzion.dk\/en\/#\/schema\/logo\/image\/","url":"https:\/\/ambizzion.dk\/wp-content\/uploads\/2022\/01\/Ambizzion-Rekruttering-med-vaerdi-logo-big.png","contentUrl":"https:\/\/ambizzion.dk\/wp-content\/uploads\/2022\/01\/Ambizzion-Rekruttering-med-vaerdi-logo-big.png","width":500,"height":164,"caption":"AMBIZZION"},"image":{"@id":"https:\/\/ambizzion.dk\/en\/#\/schema\/logo\/image\/"}},{"@type":"Person","@id":"https:\/\/ambizzion.dk\/en\/#\/schema\/person\/991de419ebe6cd0fe71e31451b641e63","name":"Peder Vester Henriksen","image":{"@type":"ImageObject","inLanguage":"en-US","@id":"https:\/\/secure.gravatar.com\/avatar\/caef0da45cc404c072068020eb4241b4c54916ec5e62c85b3956891e624fcc0e?s=96&d=mm&r=g","url":"https:\/\/secure.gravatar.com\/avatar\/caef0da45cc404c072068020eb4241b4c54916ec5e62c85b3956891e624fcc0e?s=96&d=mm&r=g","contentUrl":"https:\/\/secure.gravatar.com\/avatar\/caef0da45cc404c072068020eb4241b4c54916ec5e62c85b3956891e624fcc0e?s=96&d=mm&r=g","caption":"Peder Vester Henriksen"},"sameAs":["http:\/\/Ambizzion.dk"]}]}},"_links":{"self":[{"href":"https:\/\/ambizzion.dk\/en\/wp-json\/wp\/v2\/posts\/4205","targetHints":{"allow":["GET"]}}],"collection":[{"href":"https:\/\/ambizzion.dk\/en\/wp-json\/wp\/v2\/posts"}],"about":[{"href":"https:\/\/ambizzion.dk\/en\/wp-json\/wp\/v2\/types\/post"}],"author":[{"embeddable":true,"href":"https:\/\/ambizzion.dk\/en\/wp-json\/wp\/v2\/users\/4"}],"replies":[{"embeddable":true,"href":"https:\/\/ambizzion.dk\/en\/wp-json\/wp\/v2\/comments?post=4205"}],"version-history":[{"count":2,"href":"https:\/\/ambizzion.dk\/en\/wp-json\/wp\/v2\/posts\/4205\/revisions"}],"predecessor-version":[{"id":4501,"href":"https:\/\/ambizzion.dk\/en\/wp-json\/wp\/v2\/posts\/4205\/revisions\/4501"}],"wp:featuredmedia":[{"embeddable":true,"href":"https:\/\/ambizzion.dk\/en\/wp-json\/wp\/v2\/media\/4206"}],"wp:attachment":[{"href":"https:\/\/ambizzion.dk\/en\/wp-json\/wp\/v2\/media?parent=4205"}],"wp:term":[{"taxonomy":"category","embeddable":true,"href":"https:\/\/ambizzion.dk\/en\/wp-json\/wp\/v2\/categories?post=4205"},{"taxonomy":"post_tag","embeddable":true,"href":"https:\/\/ambizzion.dk\/en\/wp-json\/wp\/v2\/tags?post=4205"}],"curies":[{"name":"wp","href":"https:\/\/api.w.org\/{rel}","templated":true}]}}