{"id":5098,"date":"2024-11-27T23:02:00","date_gmt":"2024-11-27T22:02:00","guid":{"rendered":"https:\/\/ambizzion.dk\/?p=5098"},"modified":"2026-02-23T16:06:02","modified_gmt":"2026-02-23T15:06:02","slug":"project-engineer-til-dan-foam-en-del-af-tempur-sealy-international-inc","status":"publish","type":"post","link":"https:\/\/ambizzion.dk\/en\/project-engineer-til-dan-foam-en-del-af-tempur-sealy-international-inc\/","title":{"rendered":"STILLING ER BESAT &#8211; Project Engineer til Dan-Foam \u2013 en del af Tempur Sealy International Inc."},"content":{"rendered":"\n<p><em>Tempur Sealy International Inc. er verdens st\u00f8rste sengeleverand\u00f8r. Virksomheden udvikler, producerer og markedsf\u00f8rer madrasser, justerbare senge, puder og andre s\u00f8vn- og afslapningsprodukter, der er kendetegnet ved optimal funktion, holdbare materialer og designs gennemsyret af \u00e6stetik og h\u00e5ndv\u00e6rk. I kraft af sin traditionsrige historie og banebrydende innovation har virksomheden i dag nogle af de mest ansete brands i industrien, der markedsf\u00f8res globalt: Tempur\u00ae, Tempur-Pedic\u00ae, Sealy\u00ae, Sealy Posturepedic\u00ae, Optimum\u2122 og Stearns &amp; Foster\u00ae.<\/em><\/p>\n\n\n\n<p><em>Dan-Foam ApS er et datterselskab under Tempur Sealy International Inc. Virksomheden udvikler, producerer og distribuerer madrasser og puder lavet af TEMPUR-materiale, der former sig efter kroppen for optimal st\u00f8tte og komfort. Virksomhedens produkter s\u00e6lges i dag i mere end 90 lande. Se ogs\u00e5 <\/em><a href=\"http:\/\/www.tempursealy.com\/\" target=\"_blank\" rel=\"noreferrer noopener\"><em>www.tempursealy.com<\/em><\/a><em> og <\/em><a href=\"http:\/\/www.dan-foam.dk\">www.dan-foam.dk<\/a><em><u>.<\/u><\/em><em><\/em><\/p>\n\n\n\n<h2 class=\"wp-block-heading\">Stillingen<\/h2>\n\n\n\n<p>P\u00e5 vegne af Dan-Foam s\u00f8ger&nbsp;AMBIZZION&nbsp;en Project Engineer til teamet i Engineering med 5 personer. Som Project Engineer bliver du ansvarlig for at lede investeringsprojekter p\u00e5 maskiner, udstyr og tekniske installationer \u2013 fra id\u00e9 til slutoverdragelse. Du arbejder t\u00e6t sammen med Engineering, produktionen og eksterne leverand\u00f8rer for at sikre, at projekterne gennemf\u00f8res med fokus p\u00e5 innovation, kvalitet, tidsplan og KPI\u00e9r. Din arbejdsplads bliver Dan-Foam i Aarup p\u00e5 Fyn, og du f\u00e5r reference til Engineering Manager.<\/p>\n\n\n\n<h2 class=\"wp-block-heading\">Dine prim\u00e6re opgaver:<\/h2>\n\n\n\n<ul class=\"wp-block-list\">\n<li>Projektledelse af investeringsprojekter p\u00e5 maskiner, udstyr og tekniske installationer.<\/li>\n\n\n\n<li>Udarbejdelse af kravspecifikationer, tekniske reviews og dokumentation.<\/li>\n\n\n\n<li>Sikre gennemf\u00f8rsel af projekter i henhold til tidsplan, budget og fastlagte processer.<\/li>\n\n\n\n<li>Implementering af nye produkter i samarbejde med tv\u00e6rfaglige teams.<\/li>\n\n\n\n<li>Ops\u00f8ge og vurdere nye teknologier og leverand\u00f8rer for at opretholde en world-class produktion.<\/li>\n\n\n\n<li>Overholdelse af sikkerheds- og ergonomiprocedurer.<\/li>\n<\/ul>\n\n\n\n<p><\/p>\n\n\n\n<h2 class=\"wp-block-heading\">Vi s\u00f8ger dig, der har:<\/h2>\n\n\n\n<ul class=\"wp-block-list\">\n<li>En teknisk uddannelse, fx maskiningeni\u00f8r, maskinmester, produktionsingeni\u00f8r eller tilsvarende teknisk uddannelse.<\/li>\n\n\n\n<li>Flere \u00e5rs erfaring med projektledelse fra produktionsvirksomhed eller maskinkonstruktion.<\/li>\n\n\n\n<li>Erfaring med projektledelse og implementering af produktionsudstyr.<\/li>\n\n\n\n<li>Kendskab til projektledelsesmetoder og v\u00e6rkt\u00f8jer.<\/li>\n\n\n\n<li>Gode engelskkundskaber i skrift og tale (koncernsprog) og fortrolighed med IT- og produktionssystemer.<\/li>\n\n\n\n<li>Generelt kendskab til elektrisk materiel p\u00e5 maskiner, til Maskindirektivet og typisk teknisk dokumentation m.m.<\/li>\n\n\n\n<li>Kendskab til AutoCAD er en fordel.<\/li>\n<\/ul>\n\n\n\n<p><\/p>\n\n\n\n<h2 class=\"wp-block-heading\">Personlige egenskaber:<\/h2>\n\n\n\n<ul class=\"wp-block-list\">\n<li>H\u00f8jt drive med fokus p\u00e5 m\u00e5l.<\/li>\n\n\n\n<li>Struktureret og beslutningsdygtig med fokus p\u00e5 fakta.<\/li>\n\n\n\n<li>Nysgerrig, initiativrig og ansvarstagende.<\/li>\n\n\n\n<li>L\u00f8sningsorienteret med godt overblik \u2013 ogs\u00e5 i pressede situationer.<\/li>\n\n\n\n<li>Lyst til at udvikle b\u00e5de processer og samarbejde.<\/li>\n<\/ul>\n\n\n\n<p><\/p>\n\n\n\n<h2 class=\"wp-block-heading\">Hvad tilbydes du?<\/h2>\n\n\n\n<p>Du bliver en del af en international virksomhed med st\u00e6rke brands og en uformel kultur. Her f\u00e5r du mulighed for at s\u00e6tte dit pr\u00e6g p\u00e5 b\u00e5de drift og udvikling i t\u00e6t samarbejde med engagerede kolleger. Stillingen byder p\u00e5 b\u00e5de faglige og personlige udviklingsmuligheder i en global kontekst.<\/p>\n\n\n\n<h2 class=\"wp-block-heading\">Ans\u00f8gning<\/h2>\n\n\n\n<p>Send dit CV og gerne en motiveret ans\u00f8gning via ans\u00f8gningsknappen nedenfor. Stillingen \u00f8nskes besat hurtigst muligt, og vi behandler ans\u00f8gninger l\u00f8bende.<\/p>\n\n\n\n<p>Har du sp\u00f8rgsm\u00e5l, er du velkommen til at kontakte direkt\u00f8r&nbsp;Lars B\u00f8gelund fra rekrutteringsvirksomheden AMBIZZION&nbsp;p\u00e5 6037 5723 eller &nbsp;<a href=\"mailto:lb@ambizzion.dk\" target=\"_blank\" rel=\"noreferrer noopener\">lb@ambizzion.dk<\/a>.<\/p>\n\n\n\n<p>Vi gl\u00e6der os til at h\u00f8re fra dig!<\/p>\n","protected":false},"excerpt":{"rendered":"<p>Som Project Engineer bliver du ansvarlig for at lede investeringsprojekter p\u00e5 maskiner, udstyr og tekniske installationer \u2013 fra id\u00e9 til&#8230;<\/p>\n","protected":false},"author":4,"featured_media":5452,"comment_status":"open","ping_status":"open","sticky":false,"template":"","format":"standard","meta":{"_acf_changed":false,"footnotes":""},"categories":[21],"tags":[],"class_list":["post-5098","post","type-post","status-publish","format-standard","has-post-thumbnail","hentry","category-job-postings"],"acf":[],"yoast_head":"<!-- This site is optimized with the Yoast SEO plugin v27.2 - https:\/\/yoast.com\/product\/yoast-seo-wordpress\/ -->\n<title>STILLING ER BESAT - Project Engineer til Dan-Foam \u2013 en del af Tempur Sealy International Inc. | AMBIZZION<\/title>\n<meta name=\"robots\" content=\"index, follow, max-snippet:-1, max-image-preview:large, max-video-preview:-1\" \/>\n<link rel=\"canonical\" href=\"https:\/\/ambizzion.dk\/en\/project-engineer-til-dan-foam-en-del-af-tempur-sealy-international-inc\/\" \/>\n<meta property=\"og:locale\" content=\"en_US\" \/>\n<meta property=\"og:type\" content=\"article\" \/>\n<meta property=\"og:title\" content=\"STILLING ER BESAT - Project Engineer til Dan-Foam \u2013 en del af Tempur Sealy International Inc. | AMBIZZION\" \/>\n<meta property=\"og:description\" content=\"Som Project Engineer bliver du ansvarlig for at lede investeringsprojekter p\u00e5 maskiner, udstyr og tekniske installationer \u2013 fra id\u00e9 til...\" \/>\n<meta property=\"og:url\" content=\"https:\/\/ambizzion.dk\/en\/project-engineer-til-dan-foam-en-del-af-tempur-sealy-international-inc\/\" \/>\n<meta property=\"og:site_name\" content=\"AMBIZZION\" \/>\n<meta property=\"article:published_time\" content=\"2024-11-27T22:02:00+00:00\" \/>\n<meta property=\"article:modified_time\" content=\"2026-02-23T15:06:02+00:00\" \/>\n<meta property=\"og:image\" content=\"https:\/\/ambizzion.dk\/wp-content\/uploads\/2025\/11\/TEMPUR_FORM-LIFESTYLE_S02_NIGHT_0266-f6-RGB_2560-x-955.jpg\" \/>\n\t<meta property=\"og:image:width\" content=\"2560\" \/>\n\t<meta property=\"og:image:height\" content=\"955\" \/>\n\t<meta property=\"og:image:type\" content=\"image\/jpeg\" \/>\n<meta name=\"author\" content=\"Peder Vester Henriksen\" \/>\n<meta name=\"twitter:card\" content=\"summary_large_image\" \/>\n<meta name=\"twitter:label1\" content=\"Written by\" \/>\n\t<meta name=\"twitter:data1\" content=\"Peder Vester Henriksen\" \/>\n\t<meta name=\"twitter:label2\" content=\"Est. reading time\" \/>\n\t<meta name=\"twitter:data2\" content=\"3 minutes\" \/>\n<script type=\"application\/ld+json\" class=\"yoast-schema-graph\">{\"@context\":\"https:\/\/schema.org\",\"@graph\":[{\"@type\":\"Article\",\"@id\":\"https:\/\/ambizzion.dk\/en\/project-engineer-til-dan-foam-en-del-af-tempur-sealy-international-inc\/#article\",\"isPartOf\":{\"@id\":\"https:\/\/ambizzion.dk\/en\/project-engineer-til-dan-foam-en-del-af-tempur-sealy-international-inc\/\"},\"author\":{\"name\":\"Peder Vester Henriksen\",\"@id\":\"https:\/\/ambizzion.dk\/en\/#\/schema\/person\/991de419ebe6cd0fe71e31451b641e63\"},\"headline\":\"STILLING ER BESAT &#8211; Project Engineer til Dan-Foam \u2013 en del af Tempur Sealy International Inc.\",\"datePublished\":\"2024-11-27T22:02:00+00:00\",\"dateModified\":\"2026-02-23T15:06:02+00:00\",\"mainEntityOfPage\":{\"@id\":\"https:\/\/ambizzion.dk\/en\/project-engineer-til-dan-foam-en-del-af-tempur-sealy-international-inc\/\"},\"wordCount\":526,\"commentCount\":0,\"publisher\":{\"@id\":\"https:\/\/ambizzion.dk\/en\/#organization\"},\"image\":{\"@id\":\"https:\/\/ambizzion.dk\/en\/project-engineer-til-dan-foam-en-del-af-tempur-sealy-international-inc\/#primaryimage\"},\"thumbnailUrl\":\"https:\/\/ambizzion.dk\/wp-content\/uploads\/2025\/11\/TEMPUR_FORM-LIFESTYLE_S02_NIGHT_0266-f6-RGB_2560-x-955.jpg\",\"articleSection\":[\"Job postings\"],\"inLanguage\":\"en-US\",\"potentialAction\":[{\"@type\":\"CommentAction\",\"name\":\"Comment\",\"target\":[\"https:\/\/ambizzion.dk\/en\/project-engineer-til-dan-foam-en-del-af-tempur-sealy-international-inc\/#respond\"]}]},{\"@type\":\"WebPage\",\"@id\":\"https:\/\/ambizzion.dk\/en\/project-engineer-til-dan-foam-en-del-af-tempur-sealy-international-inc\/\",\"url\":\"https:\/\/ambizzion.dk\/en\/project-engineer-til-dan-foam-en-del-af-tempur-sealy-international-inc\/\",\"name\":\"STILLING ER BESAT - Project Engineer til Dan-Foam \u2013 en del af Tempur Sealy International Inc. | AMBIZZION\",\"isPartOf\":{\"@id\":\"https:\/\/ambizzion.dk\/en\/#website\"},\"primaryImageOfPage\":{\"@id\":\"https:\/\/ambizzion.dk\/en\/project-engineer-til-dan-foam-en-del-af-tempur-sealy-international-inc\/#primaryimage\"},\"image\":{\"@id\":\"https:\/\/ambizzion.dk\/en\/project-engineer-til-dan-foam-en-del-af-tempur-sealy-international-inc\/#primaryimage\"},\"thumbnailUrl\":\"https:\/\/ambizzion.dk\/wp-content\/uploads\/2025\/11\/TEMPUR_FORM-LIFESTYLE_S02_NIGHT_0266-f6-RGB_2560-x-955.jpg\",\"datePublished\":\"2024-11-27T22:02:00+00:00\",\"dateModified\":\"2026-02-23T15:06:02+00:00\",\"breadcrumb\":{\"@id\":\"https:\/\/ambizzion.dk\/en\/project-engineer-til-dan-foam-en-del-af-tempur-sealy-international-inc\/#breadcrumb\"},\"inLanguage\":\"en-US\",\"potentialAction\":[{\"@type\":\"ReadAction\",\"target\":[\"https:\/\/ambizzion.dk\/en\/project-engineer-til-dan-foam-en-del-af-tempur-sealy-international-inc\/\"]}]},{\"@type\":\"ImageObject\",\"inLanguage\":\"en-US\",\"@id\":\"https:\/\/ambizzion.dk\/en\/project-engineer-til-dan-foam-en-del-af-tempur-sealy-international-inc\/#primaryimage\",\"url\":\"https:\/\/ambizzion.dk\/wp-content\/uploads\/2025\/11\/TEMPUR_FORM-LIFESTYLE_S02_NIGHT_0266-f6-RGB_2560-x-955.jpg\",\"contentUrl\":\"https:\/\/ambizzion.dk\/wp-content\/uploads\/2025\/11\/TEMPUR_FORM-LIFESTYLE_S02_NIGHT_0266-f6-RGB_2560-x-955.jpg\",\"width\":2560,\"height\":955},{\"@type\":\"BreadcrumbList\",\"@id\":\"https:\/\/ambizzion.dk\/en\/project-engineer-til-dan-foam-en-del-af-tempur-sealy-international-inc\/#breadcrumb\",\"itemListElement\":[{\"@type\":\"ListItem\",\"position\":1,\"name\":\"Hjem\",\"item\":\"https:\/\/ambizzion.dk\/en\/home\/\"},{\"@type\":\"ListItem\",\"position\":2,\"name\":\"STILLING ER BESAT &#8211; Project Engineer til Dan-Foam \u2013 en del af Tempur Sealy International Inc.\"}]},{\"@type\":\"WebSite\",\"@id\":\"https:\/\/ambizzion.dk\/en\/#website\",\"url\":\"https:\/\/ambizzion.dk\/en\/\",\"name\":\"AMBIZZION\",\"description\":\"Rekruttering\",\"publisher\":{\"@id\":\"https:\/\/ambizzion.dk\/en\/#organization\"},\"potentialAction\":[{\"@type\":\"SearchAction\",\"target\":{\"@type\":\"EntryPoint\",\"urlTemplate\":\"https:\/\/ambizzion.dk\/en\/?s={search_term_string}\"},\"query-input\":{\"@type\":\"PropertyValueSpecification\",\"valueRequired\":true,\"valueName\":\"search_term_string\"}}],\"inLanguage\":\"en-US\"},{\"@type\":\"Organization\",\"@id\":\"https:\/\/ambizzion.dk\/en\/#organization\",\"name\":\"AMBIZZION\",\"url\":\"https:\/\/ambizzion.dk\/en\/\",\"logo\":{\"@type\":\"ImageObject\",\"inLanguage\":\"en-US\",\"@id\":\"https:\/\/ambizzion.dk\/en\/#\/schema\/logo\/image\/\",\"url\":\"https:\/\/ambizzion.dk\/wp-content\/uploads\/2022\/01\/Ambizzion-Rekruttering-med-vaerdi-logo-big.png\",\"contentUrl\":\"https:\/\/ambizzion.dk\/wp-content\/uploads\/2022\/01\/Ambizzion-Rekruttering-med-vaerdi-logo-big.png\",\"width\":500,\"height\":164,\"caption\":\"AMBIZZION\"},\"image\":{\"@id\":\"https:\/\/ambizzion.dk\/en\/#\/schema\/logo\/image\/\"}},{\"@type\":\"Person\",\"@id\":\"https:\/\/ambizzion.dk\/en\/#\/schema\/person\/991de419ebe6cd0fe71e31451b641e63\",\"name\":\"Peder Vester Henriksen\",\"image\":{\"@type\":\"ImageObject\",\"inLanguage\":\"en-US\",\"@id\":\"https:\/\/secure.gravatar.com\/avatar\/caef0da45cc404c072068020eb4241b4c54916ec5e62c85b3956891e624fcc0e?s=96&d=mm&r=g\",\"url\":\"https:\/\/secure.gravatar.com\/avatar\/caef0da45cc404c072068020eb4241b4c54916ec5e62c85b3956891e624fcc0e?s=96&d=mm&r=g\",\"contentUrl\":\"https:\/\/secure.gravatar.com\/avatar\/caef0da45cc404c072068020eb4241b4c54916ec5e62c85b3956891e624fcc0e?s=96&d=mm&r=g\",\"caption\":\"Peder Vester Henriksen\"},\"sameAs\":[\"http:\/\/Ambizzion.dk\"]}]}<\/script>\n<!-- \/ Yoast SEO plugin. -->","yoast_head_json":{"title":"STILLING ER BESAT - Project Engineer til Dan-Foam \u2013 en del af Tempur Sealy International Inc. | AMBIZZION","robots":{"index":"index","follow":"follow","max-snippet":"max-snippet:-1","max-image-preview":"max-image-preview:large","max-video-preview":"max-video-preview:-1"},"canonical":"https:\/\/ambizzion.dk\/en\/project-engineer-til-dan-foam-en-del-af-tempur-sealy-international-inc\/","og_locale":"en_US","og_type":"article","og_title":"STILLING ER BESAT - Project Engineer til Dan-Foam \u2013 en del af Tempur Sealy International Inc. | AMBIZZION","og_description":"Som Project Engineer bliver du ansvarlig for at lede investeringsprojekter p\u00e5 maskiner, udstyr og tekniske installationer \u2013 fra id\u00e9 til...","og_url":"https:\/\/ambizzion.dk\/en\/project-engineer-til-dan-foam-en-del-af-tempur-sealy-international-inc\/","og_site_name":"AMBIZZION","article_published_time":"2024-11-27T22:02:00+00:00","article_modified_time":"2026-02-23T15:06:02+00:00","og_image":[{"width":2560,"height":955,"url":"https:\/\/ambizzion.dk\/wp-content\/uploads\/2025\/11\/TEMPUR_FORM-LIFESTYLE_S02_NIGHT_0266-f6-RGB_2560-x-955.jpg","type":"image\/jpeg"}],"author":"Peder Vester Henriksen","twitter_card":"summary_large_image","twitter_misc":{"Written by":"Peder Vester Henriksen","Est. reading time":"3 minutes"},"schema":{"@context":"https:\/\/schema.org","@graph":[{"@type":"Article","@id":"https:\/\/ambizzion.dk\/en\/project-engineer-til-dan-foam-en-del-af-tempur-sealy-international-inc\/#article","isPartOf":{"@id":"https:\/\/ambizzion.dk\/en\/project-engineer-til-dan-foam-en-del-af-tempur-sealy-international-inc\/"},"author":{"name":"Peder Vester Henriksen","@id":"https:\/\/ambizzion.dk\/en\/#\/schema\/person\/991de419ebe6cd0fe71e31451b641e63"},"headline":"STILLING ER BESAT &#8211; Project Engineer til Dan-Foam \u2013 en del af Tempur Sealy International Inc.","datePublished":"2024-11-27T22:02:00+00:00","dateModified":"2026-02-23T15:06:02+00:00","mainEntityOfPage":{"@id":"https:\/\/ambizzion.dk\/en\/project-engineer-til-dan-foam-en-del-af-tempur-sealy-international-inc\/"},"wordCount":526,"commentCount":0,"publisher":{"@id":"https:\/\/ambizzion.dk\/en\/#organization"},"image":{"@id":"https:\/\/ambizzion.dk\/en\/project-engineer-til-dan-foam-en-del-af-tempur-sealy-international-inc\/#primaryimage"},"thumbnailUrl":"https:\/\/ambizzion.dk\/wp-content\/uploads\/2025\/11\/TEMPUR_FORM-LIFESTYLE_S02_NIGHT_0266-f6-RGB_2560-x-955.jpg","articleSection":["Job postings"],"inLanguage":"en-US","potentialAction":[{"@type":"CommentAction","name":"Comment","target":["https:\/\/ambizzion.dk\/en\/project-engineer-til-dan-foam-en-del-af-tempur-sealy-international-inc\/#respond"]}]},{"@type":"WebPage","@id":"https:\/\/ambizzion.dk\/en\/project-engineer-til-dan-foam-en-del-af-tempur-sealy-international-inc\/","url":"https:\/\/ambizzion.dk\/en\/project-engineer-til-dan-foam-en-del-af-tempur-sealy-international-inc\/","name":"STILLING ER BESAT - Project Engineer til Dan-Foam \u2013 en del af Tempur Sealy International Inc. | AMBIZZION","isPartOf":{"@id":"https:\/\/ambizzion.dk\/en\/#website"},"primaryImageOfPage":{"@id":"https:\/\/ambizzion.dk\/en\/project-engineer-til-dan-foam-en-del-af-tempur-sealy-international-inc\/#primaryimage"},"image":{"@id":"https:\/\/ambizzion.dk\/en\/project-engineer-til-dan-foam-en-del-af-tempur-sealy-international-inc\/#primaryimage"},"thumbnailUrl":"https:\/\/ambizzion.dk\/wp-content\/uploads\/2025\/11\/TEMPUR_FORM-LIFESTYLE_S02_NIGHT_0266-f6-RGB_2560-x-955.jpg","datePublished":"2024-11-27T22:02:00+00:00","dateModified":"2026-02-23T15:06:02+00:00","breadcrumb":{"@id":"https:\/\/ambizzion.dk\/en\/project-engineer-til-dan-foam-en-del-af-tempur-sealy-international-inc\/#breadcrumb"},"inLanguage":"en-US","potentialAction":[{"@type":"ReadAction","target":["https:\/\/ambizzion.dk\/en\/project-engineer-til-dan-foam-en-del-af-tempur-sealy-international-inc\/"]}]},{"@type":"ImageObject","inLanguage":"en-US","@id":"https:\/\/ambizzion.dk\/en\/project-engineer-til-dan-foam-en-del-af-tempur-sealy-international-inc\/#primaryimage","url":"https:\/\/ambizzion.dk\/wp-content\/uploads\/2025\/11\/TEMPUR_FORM-LIFESTYLE_S02_NIGHT_0266-f6-RGB_2560-x-955.jpg","contentUrl":"https:\/\/ambizzion.dk\/wp-content\/uploads\/2025\/11\/TEMPUR_FORM-LIFESTYLE_S02_NIGHT_0266-f6-RGB_2560-x-955.jpg","width":2560,"height":955},{"@type":"BreadcrumbList","@id":"https:\/\/ambizzion.dk\/en\/project-engineer-til-dan-foam-en-del-af-tempur-sealy-international-inc\/#breadcrumb","itemListElement":[{"@type":"ListItem","position":1,"name":"Hjem","item":"https:\/\/ambizzion.dk\/en\/home\/"},{"@type":"ListItem","position":2,"name":"STILLING ER BESAT &#8211; Project Engineer til Dan-Foam \u2013 en del af Tempur Sealy International Inc."}]},{"@type":"WebSite","@id":"https:\/\/ambizzion.dk\/en\/#website","url":"https:\/\/ambizzion.dk\/en\/","name":"AMBIZZION","description":"Rekruttering","publisher":{"@id":"https:\/\/ambizzion.dk\/en\/#organization"},"potentialAction":[{"@type":"SearchAction","target":{"@type":"EntryPoint","urlTemplate":"https:\/\/ambizzion.dk\/en\/?s={search_term_string}"},"query-input":{"@type":"PropertyValueSpecification","valueRequired":true,"valueName":"search_term_string"}}],"inLanguage":"en-US"},{"@type":"Organization","@id":"https:\/\/ambizzion.dk\/en\/#organization","name":"AMBIZZION","url":"https:\/\/ambizzion.dk\/en\/","logo":{"@type":"ImageObject","inLanguage":"en-US","@id":"https:\/\/ambizzion.dk\/en\/#\/schema\/logo\/image\/","url":"https:\/\/ambizzion.dk\/wp-content\/uploads\/2022\/01\/Ambizzion-Rekruttering-med-vaerdi-logo-big.png","contentUrl":"https:\/\/ambizzion.dk\/wp-content\/uploads\/2022\/01\/Ambizzion-Rekruttering-med-vaerdi-logo-big.png","width":500,"height":164,"caption":"AMBIZZION"},"image":{"@id":"https:\/\/ambizzion.dk\/en\/#\/schema\/logo\/image\/"}},{"@type":"Person","@id":"https:\/\/ambizzion.dk\/en\/#\/schema\/person\/991de419ebe6cd0fe71e31451b641e63","name":"Peder Vester Henriksen","image":{"@type":"ImageObject","inLanguage":"en-US","@id":"https:\/\/secure.gravatar.com\/avatar\/caef0da45cc404c072068020eb4241b4c54916ec5e62c85b3956891e624fcc0e?s=96&d=mm&r=g","url":"https:\/\/secure.gravatar.com\/avatar\/caef0da45cc404c072068020eb4241b4c54916ec5e62c85b3956891e624fcc0e?s=96&d=mm&r=g","contentUrl":"https:\/\/secure.gravatar.com\/avatar\/caef0da45cc404c072068020eb4241b4c54916ec5e62c85b3956891e624fcc0e?s=96&d=mm&r=g","caption":"Peder Vester Henriksen"},"sameAs":["http:\/\/Ambizzion.dk"]}]}},"_links":{"self":[{"href":"https:\/\/ambizzion.dk\/en\/wp-json\/wp\/v2\/posts\/5098","targetHints":{"allow":["GET"]}}],"collection":[{"href":"https:\/\/ambizzion.dk\/en\/wp-json\/wp\/v2\/posts"}],"about":[{"href":"https:\/\/ambizzion.dk\/en\/wp-json\/wp\/v2\/types\/post"}],"author":[{"embeddable":true,"href":"https:\/\/ambizzion.dk\/en\/wp-json\/wp\/v2\/users\/4"}],"replies":[{"embeddable":true,"href":"https:\/\/ambizzion.dk\/en\/wp-json\/wp\/v2\/comments?post=5098"}],"version-history":[{"count":2,"href":"https:\/\/ambizzion.dk\/en\/wp-json\/wp\/v2\/posts\/5098\/revisions"}],"predecessor-version":[{"id":5563,"href":"https:\/\/ambizzion.dk\/en\/wp-json\/wp\/v2\/posts\/5098\/revisions\/5563"}],"wp:featuredmedia":[{"embeddable":true,"href":"https:\/\/ambizzion.dk\/en\/wp-json\/wp\/v2\/media\/5452"}],"wp:attachment":[{"href":"https:\/\/ambizzion.dk\/en\/wp-json\/wp\/v2\/media?parent=5098"}],"wp:term":[{"taxonomy":"category","embeddable":true,"href":"https:\/\/ambizzion.dk\/en\/wp-json\/wp\/v2\/categories?post=5098"},{"taxonomy":"post_tag","embeddable":true,"href":"https:\/\/ambizzion.dk\/en\/wp-json\/wp\/v2\/tags?post=5098"}],"curies":[{"name":"wp","href":"https:\/\/api.w.org\/{rel}","templated":true}]}}