{"id":5572,"date":"2026-03-09T07:41:16","date_gmt":"2026-03-09T06:41:16","guid":{"rendered":"https:\/\/ambizzion.dk\/?p=5572"},"modified":"2026-03-09T07:41:17","modified_gmt":"2026-03-09T06:41:17","slug":"teamledere-til-dan-foam-en-del-af-tempur-sealy-international-inc","status":"publish","type":"post","link":"https:\/\/ambizzion.dk\/en\/teamledere-til-dan-foam-en-del-af-tempur-sealy-international-inc\/","title":{"rendered":"Teamledere til Dan-Foam \u2013 en del af Tempur Sealy International Inc."},"content":{"rendered":"\n<p><em>Tempur Sealy International Inc. er verdens st\u00f8rste sengeleverand\u00f8r. Virksomheden udvikler, producerer og markedsf\u00f8rer madrasser, justerbare senge, puder og andre s\u00f8vn- og afslapningsprodukter, der er kendetegnet ved optimal funktion, holdbare materialer og designs gennemsyret af \u00e6stetik og h\u00e5ndv\u00e6rk. I kraft af sin traditionsrige historie og banebrydende innovation har virksomheden i dag nogle af de mest ansete brands i industrien, der markedsf\u00f8res globalt: Tempur\u00ae, Tempur-Pedic\u00ae, Sealy\u00ae, Sealy Posturepedic\u00ae, Optimum\u2122 og Stearns &amp; Foster\u00ae.<\/em><\/p>\n\n\n\n<p><em>Dan-Foam ApS er et datterselskab under Tempur Sealy International Inc. Virksomheden udvikler, producerer og distribuerer madrasser og puder lavet af TEMPUR-materiale, der former sig efter kroppen for optimal st\u00f8tte og komfort. Virksomhedens produkter s\u00e6lges i dag i mere end 90 lande. Se ogs\u00e5 <\/em><a href=\"http:\/\/www.tempursealy.com\/\" target=\"_blank\" rel=\"noreferrer noopener\"><em>www.tempursealy.com<\/em><\/a><em> og <\/em><a href=\"http:\/\/www.dan-foam.dk\">www.dan-foam.dk<\/a><em><u>.<\/u><\/em><em><\/em><\/p>\n\n\n\n<h2 class=\"wp-block-heading\">Stillingen<\/h2>\n\n\n\n<p>P\u00e5 vegne af Dan-Foam s\u00f8ger AMBIZZION to teamledere til natholdet. Som teamleder f\u00e5r du en central rolle i at sikre en stabil, effektiv og sikker produktion \u2013 samtidig med at du p\u00e5 dagligbasis selv deltager aktivt i den daglige drift. Du bliver leder for et team p\u00e5 ca. 13 dygtige operat\u00f8rer og f\u00e5r et betydningsfuldt ansvar for b\u00e5de trivsel, udvikling og performance.<\/p>\n\n\n\n<p>Du f\u00e5r arbejdsplads i Aarup p\u00e5 Fyn og reference til Manager, Cutting, Lamination &amp; Mattress assembly.<\/p>\n\n\n\n<h2 class=\"wp-block-heading\">Dine prim\u00e6re opgaver<\/h2>\n\n\n\n<ul class=\"wp-block-list\">\n<li>Sikre den daglige drift og ledelse af teamet<\/li>\n\n\n\n<li>Planl\u00e6gge teamets opgaver og f\u00f8lge op p\u00e5 produktionsplaner i samarbejde med holdassistenten<\/li>\n\n\n\n<li>Opl\u00e6re nye medarbejdere og udvikle eksisterende teammedlemmer<\/li>\n\n\n\n<li>Sikre medarbejdertrivsel og underst\u00f8tte faglig og personlig udvikling<\/li>\n\n\n\n<li>Overholde procedurer og standarder inden for sikkerhed, kvalitet, levering, udnyttelse og produktivitet (SQDUP)<\/li>\n\n\n\n<li>Bidrage aktivt til samarbejdet mellem teamledere p\u00e5 tv\u00e6rs af skift og afdelinger<\/li>\n\n\n\n<li>Vedligeholde og udvikle niveauet af 5S samt sikre overholdelse af reng\u00f8rings- og vedligeholdsplaner<\/li>\n\n\n\n<li>Arbejde med l\u00f8bende forbedringer og optimering af arbejdsprocesser<\/li>\n<\/ul>\n\n\n\n<p><\/p>\n\n\n\n<h2 class=\"wp-block-heading\">Hvad du ogs\u00e5 f\u00e5r ansvar for<\/h2>\n\n\n\n<ul class=\"wp-block-list\">\n<li>At sikre videndeling, fastholde l\u00e6ring og skabe struktur i teamets arbejdsgange<\/li>\n\n\n\n<li>At st\u00f8tte medarbejdere i opgavel\u00f8sningen gennem coaching og tydelig kommunikation<\/li>\n\n\n\n<li>At skabe et positivt og engagerende arbejdsmilj\u00f8 \u2013 ogs\u00e5 n\u00e5r tempoet er h\u00f8jt<\/li>\n<\/ul>\n\n\n\n<p><\/p>\n\n\n\n<h2 class=\"wp-block-heading\">Kvalifikationer<\/h2>\n\n\n\n<p>Vi ser gerne, at du:<\/p>\n\n\n\n<ul class=\"wp-block-list\">\n<li>Har minimum 3 \u00e5rs erfaring fra en lignende lederrolle i produktion<\/li>\n\n\n\n<li>Trives med personaleledelse og samtidig med at arbejde hands-on i driften<\/li>\n\n\n\n<li>Har teknisk forst\u00e5else og kan se samspillet mellem maskiner, materialer og mennesker<\/li>\n\n\n\n<li>Har erfaring med IT-systemer og er ansvars- og kvalitetsbevidst<\/li>\n\n\n\n<li>Har erfaring fra nathold eller skifteholdsarbejde og gerne kendskab til 12-timers vagter<\/li>\n<\/ul>\n\n\n\n<p><\/p>\n\n\n\n<h2 class=\"wp-block-heading\">Personlige egenskaber<\/h2>\n\n\n\n<ul class=\"wp-block-list\">\n<li>Udadvendt og im\u00f8dekommende<\/li>\n\n\n\n<li>Struktureret og i stand til at bevare overblikket<\/li>\n\n\n\n<li>Positiv og l\u00f8sningsorienteret<\/li>\n\n\n\n<li>Evner at give og modtage feedback p\u00e5 en konstruktiv m\u00e5de<\/li>\n\n\n\n<li>God til at motivere og st\u00f8tte andre<\/li>\n\n\n\n<li>Har lyst til forandring og nye opgaver<\/li>\n\n\n\n<li>Er energisk og trives i en blanding af ledelsesopgaver og praktisk arbejde<\/li>\n<\/ul>\n\n\n\n<p><\/p>\n\n\n\n<h2 class=\"wp-block-heading\">Arbejdstider<\/h2>\n\n\n\n<p>Der arbejdes i 12-timers skift efter en fast plan, der l\u00e6gges et \u00e5r ad gangen.<\/p>\n\n\n\n<p><br><strong>Nathold:<\/strong><\/p>\n\n\n\n<ul class=\"wp-block-list\">\n<li>To hold arbejder fra kl. 19.00\u201307.00<\/li>\n\n\n\n<li>\u00c9t hold arbejder s\u00f8ndag, mandag og tirsdag<\/li>\n\n\n\n<li>Det andet hold arbejder onsdag, torsdag og fredag<\/li>\n\n\n\n<li>Der skiftes mellem holdene hver 4. m\u00e5ned<\/li>\n<\/ul>\n\n\n\n<p><\/p>\n\n\n\n<h2 class=\"wp-block-heading\">Hvad tilbydes du?<\/h2>\n\n\n\n<p>Du bliver en del af en international virksomhed med st\u00e6rke brands og en kultur, der v\u00e6rds\u00e6tter medarbejdertrivsel, samarbejde og udvikling.<\/p>\n\n\n\n<p>Derudover f\u00e5r du:<\/p>\n\n\n\n<ul class=\"wp-block-list\">\n<li>Mulighed for efteruddannelse og faglig udvikling<\/li>\n\n\n\n<li>En solid introduktion til jobbet<\/li>\n\n\n\n<li>Ordnede ans\u00e6ttelsesforhold med attraktive personalegoder<\/li>\n\n\n\n<li>Adgang til velfungerende kantine- og personaleordninger<\/li>\n<\/ul>\n\n\n\n<h2 class=\"wp-block-heading\">Ans\u00f8gning<\/h2>\n\n\n\n<p>Send dit CV og gerne en motiveret ans\u00f8gning via ans\u00f8gningsknappen nedenfor. Stillingen \u00f8nskes besat hurtigst muligt, og vi behandler ans\u00f8gninger l\u00f8bende.<\/p>\n\n\n\n<p>Har du sp\u00f8rgsm\u00e5l, er du velkommen til at kontakte direkt\u00f8r Lars B\u00f8gelund fra rekrutteringsvirksomheden AMBIZZION p\u00e5 6037 5723 eller lb@ambizzion.dk.<\/p>\n\n\n\n<p>Vi gl\u00e6der os til at h\u00f8re fra dig!<\/p>\n\n\n\n<p><\/p>\n","protected":false},"excerpt":{"rendered":"<p>Som teamleder f\u00e5r du en central rolle i at sikre en stabil, effektiv og sikker produktion \u2013 samtidig med at du&#8230;<\/p>\n","protected":false},"author":4,"featured_media":5455,"comment_status":"closed","ping_status":"closed","sticky":false,"template":"","format":"standard","meta":{"_acf_changed":false,"footnotes":""},"categories":[2],"tags":[],"class_list":["post-5572","post","type-post","status-publish","format-standard","has-post-thumbnail","hentry","category-stillinger"],"acf":[],"yoast_head":"<!-- This site is optimized with the Yoast SEO plugin v27.2 - https:\/\/yoast.com\/product\/yoast-seo-wordpress\/ -->\n<title>Teamledere til Dan-Foam \u2013 en del af Tempur Sealy International Inc. | AMBIZZION<\/title>\n<meta name=\"robots\" content=\"index, follow, max-snippet:-1, max-image-preview:large, max-video-preview:-1\" \/>\n<link rel=\"canonical\" href=\"https:\/\/ambizzion.dk\/en\/teamledere-til-dan-foam-en-del-af-tempur-sealy-international-inc\/\" \/>\n<meta property=\"og:locale\" content=\"en_US\" \/>\n<meta property=\"og:type\" content=\"article\" \/>\n<meta property=\"og:title\" content=\"Teamledere til Dan-Foam \u2013 en del af Tempur Sealy International Inc. | AMBIZZION\" \/>\n<meta property=\"og:description\" content=\"Som teamleder f\u00e5r du en central rolle i at sikre en stabil, effektiv og sikker produktion \u2013 samtidig med at du...\" \/>\n<meta property=\"og:url\" content=\"https:\/\/ambizzion.dk\/en\/teamledere-til-dan-foam-en-del-af-tempur-sealy-international-inc\/\" \/>\n<meta property=\"og:site_name\" content=\"AMBIZZION\" \/>\n<meta property=\"article:published_time\" content=\"2026-03-09T06:41:16+00:00\" \/>\n<meta property=\"article:modified_time\" content=\"2026-03-09T06:41:17+00:00\" \/>\n<meta property=\"og:image\" content=\"https:\/\/ambizzion.dk\/wp-content\/uploads\/2022\/01\/TEMPUR_FORM-LIFESTYLE_S02_NIGHT_0266-f6-RGB_2560-x-955.jpg\" \/>\n\t<meta property=\"og:image:width\" content=\"2560\" \/>\n\t<meta property=\"og:image:height\" content=\"955\" \/>\n\t<meta property=\"og:image:type\" content=\"image\/jpeg\" \/>\n<meta name=\"author\" content=\"Peder Vester Henriksen\" \/>\n<meta name=\"twitter:card\" content=\"summary_large_image\" \/>\n<meta name=\"twitter:label1\" content=\"Written by\" \/>\n\t<meta name=\"twitter:data1\" content=\"Peder Vester Henriksen\" \/>\n\t<meta name=\"twitter:label2\" content=\"Est. reading time\" \/>\n\t<meta name=\"twitter:data2\" content=\"4 minutes\" \/>\n<script type=\"application\/ld+json\" class=\"yoast-schema-graph\">{\"@context\":\"https:\/\/schema.org\",\"@graph\":[{\"@type\":\"Article\",\"@id\":\"https:\/\/ambizzion.dk\/en\/teamledere-til-dan-foam-en-del-af-tempur-sealy-international-inc\/#article\",\"isPartOf\":{\"@id\":\"https:\/\/ambizzion.dk\/en\/teamledere-til-dan-foam-en-del-af-tempur-sealy-international-inc\/\"},\"author\":{\"name\":\"Peder Vester Henriksen\",\"@id\":\"https:\/\/ambizzion.dk\/en\/#\/schema\/person\/991de419ebe6cd0fe71e31451b641e63\"},\"headline\":\"Teamledere til Dan-Foam \u2013 en del af Tempur Sealy International Inc.\",\"datePublished\":\"2026-03-09T06:41:16+00:00\",\"dateModified\":\"2026-03-09T06:41:17+00:00\",\"mainEntityOfPage\":{\"@id\":\"https:\/\/ambizzion.dk\/en\/teamledere-til-dan-foam-en-del-af-tempur-sealy-international-inc\/\"},\"wordCount\":636,\"publisher\":{\"@id\":\"https:\/\/ambizzion.dk\/en\/#organization\"},\"image\":{\"@id\":\"https:\/\/ambizzion.dk\/en\/teamledere-til-dan-foam-en-del-af-tempur-sealy-international-inc\/#primaryimage\"},\"thumbnailUrl\":\"https:\/\/ambizzion.dk\/wp-content\/uploads\/2022\/01\/TEMPUR_FORM-LIFESTYLE_S02_NIGHT_0266-f6-RGB_2560-x-955.jpg\",\"articleSection\":[\"Stillinger\"],\"inLanguage\":\"en-US\"},{\"@type\":\"WebPage\",\"@id\":\"https:\/\/ambizzion.dk\/en\/teamledere-til-dan-foam-en-del-af-tempur-sealy-international-inc\/\",\"url\":\"https:\/\/ambizzion.dk\/en\/teamledere-til-dan-foam-en-del-af-tempur-sealy-international-inc\/\",\"name\":\"Teamledere til Dan-Foam \u2013 en del af Tempur Sealy International Inc. | AMBIZZION\",\"isPartOf\":{\"@id\":\"https:\/\/ambizzion.dk\/en\/#website\"},\"primaryImageOfPage\":{\"@id\":\"https:\/\/ambizzion.dk\/en\/teamledere-til-dan-foam-en-del-af-tempur-sealy-international-inc\/#primaryimage\"},\"image\":{\"@id\":\"https:\/\/ambizzion.dk\/en\/teamledere-til-dan-foam-en-del-af-tempur-sealy-international-inc\/#primaryimage\"},\"thumbnailUrl\":\"https:\/\/ambizzion.dk\/wp-content\/uploads\/2022\/01\/TEMPUR_FORM-LIFESTYLE_S02_NIGHT_0266-f6-RGB_2560-x-955.jpg\",\"datePublished\":\"2026-03-09T06:41:16+00:00\",\"dateModified\":\"2026-03-09T06:41:17+00:00\",\"breadcrumb\":{\"@id\":\"https:\/\/ambizzion.dk\/en\/teamledere-til-dan-foam-en-del-af-tempur-sealy-international-inc\/#breadcrumb\"},\"inLanguage\":\"en-US\",\"potentialAction\":[{\"@type\":\"ReadAction\",\"target\":[\"https:\/\/ambizzion.dk\/en\/teamledere-til-dan-foam-en-del-af-tempur-sealy-international-inc\/\"]}]},{\"@type\":\"ImageObject\",\"inLanguage\":\"en-US\",\"@id\":\"https:\/\/ambizzion.dk\/en\/teamledere-til-dan-foam-en-del-af-tempur-sealy-international-inc\/#primaryimage\",\"url\":\"https:\/\/ambizzion.dk\/wp-content\/uploads\/2022\/01\/TEMPUR_FORM-LIFESTYLE_S02_NIGHT_0266-f6-RGB_2560-x-955.jpg\",\"contentUrl\":\"https:\/\/ambizzion.dk\/wp-content\/uploads\/2022\/01\/TEMPUR_FORM-LIFESTYLE_S02_NIGHT_0266-f6-RGB_2560-x-955.jpg\",\"width\":2560,\"height\":955},{\"@type\":\"BreadcrumbList\",\"@id\":\"https:\/\/ambizzion.dk\/en\/teamledere-til-dan-foam-en-del-af-tempur-sealy-international-inc\/#breadcrumb\",\"itemListElement\":[{\"@type\":\"ListItem\",\"position\":1,\"name\":\"Hjem\",\"item\":\"https:\/\/ambizzion.dk\/en\/home\/\"},{\"@type\":\"ListItem\",\"position\":2,\"name\":\"Teamledere til Dan-Foam \u2013 en del af Tempur Sealy International Inc.\"}]},{\"@type\":\"WebSite\",\"@id\":\"https:\/\/ambizzion.dk\/en\/#website\",\"url\":\"https:\/\/ambizzion.dk\/en\/\",\"name\":\"AMBIZZION\",\"description\":\"Rekruttering\",\"publisher\":{\"@id\":\"https:\/\/ambizzion.dk\/en\/#organization\"},\"potentialAction\":[{\"@type\":\"SearchAction\",\"target\":{\"@type\":\"EntryPoint\",\"urlTemplate\":\"https:\/\/ambizzion.dk\/en\/?s={search_term_string}\"},\"query-input\":{\"@type\":\"PropertyValueSpecification\",\"valueRequired\":true,\"valueName\":\"search_term_string\"}}],\"inLanguage\":\"en-US\"},{\"@type\":\"Organization\",\"@id\":\"https:\/\/ambizzion.dk\/en\/#organization\",\"name\":\"AMBIZZION\",\"url\":\"https:\/\/ambizzion.dk\/en\/\",\"logo\":{\"@type\":\"ImageObject\",\"inLanguage\":\"en-US\",\"@id\":\"https:\/\/ambizzion.dk\/en\/#\/schema\/logo\/image\/\",\"url\":\"https:\/\/ambizzion.dk\/wp-content\/uploads\/2022\/01\/Ambizzion-Rekruttering-med-vaerdi-logo-big.png\",\"contentUrl\":\"https:\/\/ambizzion.dk\/wp-content\/uploads\/2022\/01\/Ambizzion-Rekruttering-med-vaerdi-logo-big.png\",\"width\":500,\"height\":164,\"caption\":\"AMBIZZION\"},\"image\":{\"@id\":\"https:\/\/ambizzion.dk\/en\/#\/schema\/logo\/image\/\"}},{\"@type\":\"Person\",\"@id\":\"https:\/\/ambizzion.dk\/en\/#\/schema\/person\/991de419ebe6cd0fe71e31451b641e63\",\"name\":\"Peder Vester Henriksen\",\"image\":{\"@type\":\"ImageObject\",\"inLanguage\":\"en-US\",\"@id\":\"https:\/\/secure.gravatar.com\/avatar\/caef0da45cc404c072068020eb4241b4c54916ec5e62c85b3956891e624fcc0e?s=96&d=mm&r=g\",\"url\":\"https:\/\/secure.gravatar.com\/avatar\/caef0da45cc404c072068020eb4241b4c54916ec5e62c85b3956891e624fcc0e?s=96&d=mm&r=g\",\"contentUrl\":\"https:\/\/secure.gravatar.com\/avatar\/caef0da45cc404c072068020eb4241b4c54916ec5e62c85b3956891e624fcc0e?s=96&d=mm&r=g\",\"caption\":\"Peder Vester Henriksen\"},\"sameAs\":[\"http:\/\/Ambizzion.dk\"]}]}<\/script>\n<!-- \/ Yoast SEO plugin. -->","yoast_head_json":{"title":"Teamledere til Dan-Foam \u2013 en del af Tempur Sealy International Inc. | AMBIZZION","robots":{"index":"index","follow":"follow","max-snippet":"max-snippet:-1","max-image-preview":"max-image-preview:large","max-video-preview":"max-video-preview:-1"},"canonical":"https:\/\/ambizzion.dk\/en\/teamledere-til-dan-foam-en-del-af-tempur-sealy-international-inc\/","og_locale":"en_US","og_type":"article","og_title":"Teamledere til Dan-Foam \u2013 en del af Tempur Sealy International Inc. | AMBIZZION","og_description":"Som teamleder f\u00e5r du en central rolle i at sikre en stabil, effektiv og sikker produktion \u2013 samtidig med at du...","og_url":"https:\/\/ambizzion.dk\/en\/teamledere-til-dan-foam-en-del-af-tempur-sealy-international-inc\/","og_site_name":"AMBIZZION","article_published_time":"2026-03-09T06:41:16+00:00","article_modified_time":"2026-03-09T06:41:17+00:00","og_image":[{"width":2560,"height":955,"url":"https:\/\/ambizzion.dk\/wp-content\/uploads\/2022\/01\/TEMPUR_FORM-LIFESTYLE_S02_NIGHT_0266-f6-RGB_2560-x-955.jpg","type":"image\/jpeg"}],"author":"Peder Vester Henriksen","twitter_card":"summary_large_image","twitter_misc":{"Written by":"Peder Vester Henriksen","Est. reading time":"4 minutes"},"schema":{"@context":"https:\/\/schema.org","@graph":[{"@type":"Article","@id":"https:\/\/ambizzion.dk\/en\/teamledere-til-dan-foam-en-del-af-tempur-sealy-international-inc\/#article","isPartOf":{"@id":"https:\/\/ambizzion.dk\/en\/teamledere-til-dan-foam-en-del-af-tempur-sealy-international-inc\/"},"author":{"name":"Peder Vester Henriksen","@id":"https:\/\/ambizzion.dk\/en\/#\/schema\/person\/991de419ebe6cd0fe71e31451b641e63"},"headline":"Teamledere til Dan-Foam \u2013 en del af Tempur Sealy International Inc.","datePublished":"2026-03-09T06:41:16+00:00","dateModified":"2026-03-09T06:41:17+00:00","mainEntityOfPage":{"@id":"https:\/\/ambizzion.dk\/en\/teamledere-til-dan-foam-en-del-af-tempur-sealy-international-inc\/"},"wordCount":636,"publisher":{"@id":"https:\/\/ambizzion.dk\/en\/#organization"},"image":{"@id":"https:\/\/ambizzion.dk\/en\/teamledere-til-dan-foam-en-del-af-tempur-sealy-international-inc\/#primaryimage"},"thumbnailUrl":"https:\/\/ambizzion.dk\/wp-content\/uploads\/2022\/01\/TEMPUR_FORM-LIFESTYLE_S02_NIGHT_0266-f6-RGB_2560-x-955.jpg","articleSection":["Stillinger"],"inLanguage":"en-US"},{"@type":"WebPage","@id":"https:\/\/ambizzion.dk\/en\/teamledere-til-dan-foam-en-del-af-tempur-sealy-international-inc\/","url":"https:\/\/ambizzion.dk\/en\/teamledere-til-dan-foam-en-del-af-tempur-sealy-international-inc\/","name":"Teamledere til Dan-Foam \u2013 en del af Tempur Sealy International Inc. | AMBIZZION","isPartOf":{"@id":"https:\/\/ambizzion.dk\/en\/#website"},"primaryImageOfPage":{"@id":"https:\/\/ambizzion.dk\/en\/teamledere-til-dan-foam-en-del-af-tempur-sealy-international-inc\/#primaryimage"},"image":{"@id":"https:\/\/ambizzion.dk\/en\/teamledere-til-dan-foam-en-del-af-tempur-sealy-international-inc\/#primaryimage"},"thumbnailUrl":"https:\/\/ambizzion.dk\/wp-content\/uploads\/2022\/01\/TEMPUR_FORM-LIFESTYLE_S02_NIGHT_0266-f6-RGB_2560-x-955.jpg","datePublished":"2026-03-09T06:41:16+00:00","dateModified":"2026-03-09T06:41:17+00:00","breadcrumb":{"@id":"https:\/\/ambizzion.dk\/en\/teamledere-til-dan-foam-en-del-af-tempur-sealy-international-inc\/#breadcrumb"},"inLanguage":"en-US","potentialAction":[{"@type":"ReadAction","target":["https:\/\/ambizzion.dk\/en\/teamledere-til-dan-foam-en-del-af-tempur-sealy-international-inc\/"]}]},{"@type":"ImageObject","inLanguage":"en-US","@id":"https:\/\/ambizzion.dk\/en\/teamledere-til-dan-foam-en-del-af-tempur-sealy-international-inc\/#primaryimage","url":"https:\/\/ambizzion.dk\/wp-content\/uploads\/2022\/01\/TEMPUR_FORM-LIFESTYLE_S02_NIGHT_0266-f6-RGB_2560-x-955.jpg","contentUrl":"https:\/\/ambizzion.dk\/wp-content\/uploads\/2022\/01\/TEMPUR_FORM-LIFESTYLE_S02_NIGHT_0266-f6-RGB_2560-x-955.jpg","width":2560,"height":955},{"@type":"BreadcrumbList","@id":"https:\/\/ambizzion.dk\/en\/teamledere-til-dan-foam-en-del-af-tempur-sealy-international-inc\/#breadcrumb","itemListElement":[{"@type":"ListItem","position":1,"name":"Hjem","item":"https:\/\/ambizzion.dk\/en\/home\/"},{"@type":"ListItem","position":2,"name":"Teamledere til Dan-Foam \u2013 en del af Tempur Sealy International Inc."}]},{"@type":"WebSite","@id":"https:\/\/ambizzion.dk\/en\/#website","url":"https:\/\/ambizzion.dk\/en\/","name":"AMBIZZION","description":"Rekruttering","publisher":{"@id":"https:\/\/ambizzion.dk\/en\/#organization"},"potentialAction":[{"@type":"SearchAction","target":{"@type":"EntryPoint","urlTemplate":"https:\/\/ambizzion.dk\/en\/?s={search_term_string}"},"query-input":{"@type":"PropertyValueSpecification","valueRequired":true,"valueName":"search_term_string"}}],"inLanguage":"en-US"},{"@type":"Organization","@id":"https:\/\/ambizzion.dk\/en\/#organization","name":"AMBIZZION","url":"https:\/\/ambizzion.dk\/en\/","logo":{"@type":"ImageObject","inLanguage":"en-US","@id":"https:\/\/ambizzion.dk\/en\/#\/schema\/logo\/image\/","url":"https:\/\/ambizzion.dk\/wp-content\/uploads\/2022\/01\/Ambizzion-Rekruttering-med-vaerdi-logo-big.png","contentUrl":"https:\/\/ambizzion.dk\/wp-content\/uploads\/2022\/01\/Ambizzion-Rekruttering-med-vaerdi-logo-big.png","width":500,"height":164,"caption":"AMBIZZION"},"image":{"@id":"https:\/\/ambizzion.dk\/en\/#\/schema\/logo\/image\/"}},{"@type":"Person","@id":"https:\/\/ambizzion.dk\/en\/#\/schema\/person\/991de419ebe6cd0fe71e31451b641e63","name":"Peder Vester Henriksen","image":{"@type":"ImageObject","inLanguage":"en-US","@id":"https:\/\/secure.gravatar.com\/avatar\/caef0da45cc404c072068020eb4241b4c54916ec5e62c85b3956891e624fcc0e?s=96&d=mm&r=g","url":"https:\/\/secure.gravatar.com\/avatar\/caef0da45cc404c072068020eb4241b4c54916ec5e62c85b3956891e624fcc0e?s=96&d=mm&r=g","contentUrl":"https:\/\/secure.gravatar.com\/avatar\/caef0da45cc404c072068020eb4241b4c54916ec5e62c85b3956891e624fcc0e?s=96&d=mm&r=g","caption":"Peder Vester Henriksen"},"sameAs":["http:\/\/Ambizzion.dk"]}]}},"_links":{"self":[{"href":"https:\/\/ambizzion.dk\/en\/wp-json\/wp\/v2\/posts\/5572","targetHints":{"allow":["GET"]}}],"collection":[{"href":"https:\/\/ambizzion.dk\/en\/wp-json\/wp\/v2\/posts"}],"about":[{"href":"https:\/\/ambizzion.dk\/en\/wp-json\/wp\/v2\/types\/post"}],"author":[{"embeddable":true,"href":"https:\/\/ambizzion.dk\/en\/wp-json\/wp\/v2\/users\/4"}],"replies":[{"embeddable":true,"href":"https:\/\/ambizzion.dk\/en\/wp-json\/wp\/v2\/comments?post=5572"}],"version-history":[{"count":1,"href":"https:\/\/ambizzion.dk\/en\/wp-json\/wp\/v2\/posts\/5572\/revisions"}],"predecessor-version":[{"id":5573,"href":"https:\/\/ambizzion.dk\/en\/wp-json\/wp\/v2\/posts\/5572\/revisions\/5573"}],"wp:featuredmedia":[{"embeddable":true,"href":"https:\/\/ambizzion.dk\/en\/wp-json\/wp\/v2\/media\/5455"}],"wp:attachment":[{"href":"https:\/\/ambizzion.dk\/en\/wp-json\/wp\/v2\/media?parent=5572"}],"wp:term":[{"taxonomy":"category","embeddable":true,"href":"https:\/\/ambizzion.dk\/en\/wp-json\/wp\/v2\/categories?post=5572"},{"taxonomy":"post_tag","embeddable":true,"href":"https:\/\/ambizzion.dk\/en\/wp-json\/wp\/v2\/tags?post=5572"}],"curies":[{"name":"wp","href":"https:\/\/api.w.org\/{rel}","templated":true}]}}